{"id":10573,"date":"2019-06-04T16:13:42","date_gmt":"2019-06-04T16:13:42","guid":{"rendered":"https:\/\/sileu.com\/?p=10573"},"modified":"2021-02-08T18:15:49","modified_gmt":"2021-02-08T18:15:49","slug":"retraso-menstrual-por-que-no-me-baja-la-regla-si-no-estoy-embarazada","status":"publish","type":"post","link":"https:\/\/sileu.com\/es\/retraso-menstrual-por-que-no-me-baja-la-regla-si-no-estoy-embarazada\/","title":{"rendered":"Retraso menstrual: \u00bfPor qu\u00e9 no me baja la regla si no estoy embarazada?"},"content":{"rendered":"<p>Es importante conocer cu\u00e1les son las <strong>causas por las que puede ocurrir un retraso menstrual<\/strong>, sobre todo, cuando ya tienes la certeza de<strong> no estar embarazada.<\/strong><\/p>\n<p>\u00bfQuiz\u00e1s se deba al estr\u00e9s?, o \u00bfquiz\u00e1s sea algo hormonal? \u00a1Vamos a averiguarlo<strong>!<\/strong><\/p>\n<figure id=\"attachment_10357\" aria-describedby=\"caption-attachment-10357\" style=\"width: 239px\" class=\"wp-caption alignleft\"><img decoding=\"async\" class=\"wp-image-10357\" style=\"text-align: center;\" title=\"Retraso menstrual\" src=\"https:\/\/sileu.com\/wp-content\/uploads\/2019\/05\/cantidad-duracion-del-flujo-menstrual.jpg\" alt=\"Retraso menstrual\" width=\"239\" height=\"179\" srcset=\"https:\/\/sileu.com\/wp-content\/uploads\/2019\/05\/cantidad-duracion-del-flujo-menstrual.jpg 640w, https:\/\/sileu.com\/wp-content\/uploads\/2019\/05\/cantidad-duracion-del-flujo-menstrual-510x383.jpg 510w\" sizes=\"(max-width: 239px) 100vw, 239px\" \/><figcaption id=\"caption-attachment-10357\" class=\"wp-caption-text\">Retraso menstrual<\/figcaption><\/figure>\n<h2><span style=\"color: #000080;\">\u00bfQu\u00e9 es la amenorrea?<\/span><\/h2>\n<p>Es ausencia de la menstruaci\u00f3n durante un per\u00edodo mayor o igual a tres meses. La amenorrea se clasifica en:<\/p>\n<ul>\n<li><strong>Primaria:<\/strong> Que es la ausencia de la regla a los 16 a\u00f1os de edad, sin aparici\u00f3n del vello p\u00fabico, axilar, ni crecimiento de las mamas.<\/li>\n<li><strong>Secundaria:<\/strong> Es la ausencia del per\u00edodo, despu\u00e9s de la llegada de la primera regla, cuando es mayor o igual a 3 meses continuos.<\/li>\n<\/ul>\n<p>Tambi\u00e9n puede darse el caso de padecer un <strong>retraso menstrual:<\/strong> Es la ausencia del per\u00edodo, despu\u00e9s de la llegada de la primera regla, cuando es MENOR a 3 meses continuos.<\/p>\n<p style=\"text-align: left;\">Como ves, existen diferentes<strong> tipos de amenorrea, <\/strong>de acuerdo al <a href=\"https:\/\/www.adolescenciasema.org\/wp-content\/uploads\/2015\/07\/adolescere-vol3-n1-67-81-Protocolo-diagn%C3%B3stico-de-amenorrea-en-adolescentes-1CORRECTO.pdf\" rel=\"nofollow noopener\" target=\"_blank\">protocolo diagn\u00f3stico<\/a> de la <strong>Sociedad Espa\u00f1ola de Medicina de la Adolescencia<\/strong> est\u00e1n las <strong>amenorreas primaria y la secundaria \u00bfy ahora qu\u00e9?<\/strong><\/p>\n<h2 style=\"text-align: left;\"><span style=\"color: #ff0000;\">\u00bfSabes cu\u00e1l es tu caso?<\/span><\/h2>\n<p>Lo primero debes hacer es saber cu\u00e1l de estos tipos es tu caso para determinar por qu\u00e9 no te baja la regla, ya que tiene diferentes causas.<\/p>\n<p>Pero antes de seguir desarrollando el tema, recordem<span style=\"color: #000000;\">os\u00a0 <a href=\"https:\/\/sileu.com\/es\/cantidad-de-flujo-menstrual-y-duracion-del-periodo\/\"><strong>\u00bfqu\u00e9 sucede normalmente para que baje la regla?<\/strong><\/a><\/span><\/p>\n<figure id=\"attachment_10729\" aria-describedby=\"caption-attachment-10729\" style=\"width: 223px\" class=\"wp-caption alignleft\"><img decoding=\"async\" class=\"wp-image-10729\" title=\"Aparato reproductor femenino\" src=\"https:\/\/sileu.com\/wp-content\/uploads\/2019\/06\/estrogenos-progesterona-400x400.png\" alt=\"Aparato reproductor femenino\" width=\"223\" height=\"223\" srcset=\"https:\/\/sileu.com\/wp-content\/uploads\/2019\/06\/estrogenos-progesterona-400x400.png 400w, https:\/\/sileu.com\/wp-content\/uploads\/2019\/06\/estrogenos-progesterona-400x400-247x247.png 247w, https:\/\/sileu.com\/wp-content\/uploads\/2019\/06\/estrogenos-progesterona-400x400-100x100.png 100w, https:\/\/sileu.com\/wp-content\/uploads\/2019\/06\/estrogenos-progesterona-400x400-340x340.png 340w, https:\/\/sileu.com\/wp-content\/uploads\/2019\/06\/estrogenos-progesterona-400x400-32x32.png 32w\" sizes=\"(max-width: 223px) 100vw, 223px\" \/><figcaption id=\"caption-attachment-10729\" class=\"wp-caption-text\">Aparato reproductor femenino<\/figcaption><\/figure>\n<h2><span style=\"color: #000080;\">\u00bf<\/span><span style=\"color: #000080;\">C\u00f3mo sucede la menstruaci\u00f3n?<\/span><\/h2>\n<p>El cuerpo de la mujer es muy complejo: existen diferentes hormonas que regulan muchas funciones que no poseen los hombres.<\/p>\n<p>Las hormonas principales de la mujer son los <a href=\"https:\/\/sileu.com\/es\/progesterona-hormonas-femeninas\/\">estr\u00f3genos y la progesterona<\/a>, que son producidas en los ovarios gracias a la acci\u00f3n de varias enzimas.<\/p>\n<p><strong>El primer d\u00eda de la regla<\/strong> comienzan a producirse estas hormonas en los ovarios.<\/p>\n<p>Gracias a estas hormonas, se prepara el endometrio (capa interna del \u00fatero) para recibir un embarazo.<\/p>\n<p>Si no hay embarazo, bajan las hormonas y ocurre el sangrado de la regla.<\/p>\n<p>Recuerda que esto es un proceso que sucede todos los meses desde tu desarrollo.<\/p>\n<h2><span style=\"color: #000080;\">\u00bfPor qu\u00e9 no baja la regla?<\/span><\/h2>\n<p>Las causas de un retraso menstrual son muchas y para poder entenderlo lo dividiremos en grupos:<\/p>\n<ul>\n<li><strong>GRUPO 1:<\/strong><\/li>\n<\/ul>\n<p>Jam\u00e1s te ha bajado la regla y tienes m\u00e1s de 16 a\u00f1os (<strong>AMENORREA PRIMARIA<\/strong>)<\/p>\n<ul>\n<li><strong>GRUPO 2:<\/strong><\/li>\n<\/ul>\n<p>Ya tuviste tu primera regla, pero tienes un retraso de 1 o 2 meses (<strong>RETRASO MENSTRUAL<\/strong>)<\/p>\n<ul>\n<li><strong>GRUPO 3:<\/strong><\/li>\n<\/ul>\n<p>Ya tuviste tu primera regla y tiene m\u00e1s de 3 meses sin bajar (<strong>AMENORREA SECUNDARIA<\/strong>)<\/p>\n<p>&nbsp;<\/p>\n<p style=\"text-align: center;\"><span style=\"color: #282828;\"><strong>Ahora bien, \u00a1vamos a desarrollar cada grupo!<\/strong><\/span><\/p>\n<h3><span style=\"color: #800080;\">GRUPO 1:\u00a0 Jam\u00e1s te ha bajado la regla y tienes m\u00e1s de 16 a\u00f1os<\/span><\/h3>\n<p>A esto se le conoce como Amenorrea primaria. <strong>Las causas<\/strong> pueden ser:<\/p>\n<ul>\n<li>Trastorno de salida del flujo del \u00fatero<\/li>\n<li>Problemas con los ovarios<\/li>\n<li>Trastornos de hip\u00f3fisis e hipot\u00e1lamo<\/li>\n<\/ul>\n<p><strong>Es importante resaltar: <\/strong><\/p>\n<p>Si tienes 16 a\u00f1os de edad y no han crecido tus mamas, el vello axilar ni el vello p\u00fabico, puedes tener una enfermedad cong\u00e9nita (desde el nacimiento) con probable ausencia de ovarios y\/o \u00fatero, o alg\u00fan problema en el enc\u00e9falo (hip\u00f3fisis e hipot\u00e1lamo).<\/p>\n<p>Es important\u00edsimo que acudas al\u00a0 m\u00e9dico para que te examine y realice una ecograf\u00eda p\u00e9lvica, y ver si encuentra o no los genitales internos (\u00fatero y ovarios).<\/p>\n<h3><span style=\"color: #800080;\">GRUPO 2: Ya tuviste tu primera regla, pero tienes un retraso de 1 o 2 meses<\/span><\/h3>\n<p>Las causas son:<\/p>\n<ul>\n<li><strong>Embarazo:<\/strong> es la primera causa y la m\u00e1s frecuente.<\/li>\n<\/ul>\n<figure id=\"attachment_10739\" aria-describedby=\"caption-attachment-10739\" style=\"width: 262px\" class=\"wp-caption alignnone\"><img fetchpriority=\"high\" decoding=\"async\" class=\"wp-image-10739\" title=\"El embarazo\" src=\"https:\/\/sileu.com\/wp-content\/uploads\/2019\/06\/embarazo-400x400.png\" alt=\"El embarazo\" width=\"262\" height=\"262\" srcset=\"https:\/\/sileu.com\/wp-content\/uploads\/2019\/06\/embarazo-400x400.png 400w, https:\/\/sileu.com\/wp-content\/uploads\/2019\/06\/embarazo-400x400-247x247.png 247w, https:\/\/sileu.com\/wp-content\/uploads\/2019\/06\/embarazo-400x400-100x100.png 100w, https:\/\/sileu.com\/wp-content\/uploads\/2019\/06\/embarazo-400x400-340x340.png 340w, https:\/\/sileu.com\/wp-content\/uploads\/2019\/06\/embarazo-400x400-32x32.png 32w\" sizes=\"(max-width: 262px) 100vw, 262px\" \/><figcaption id=\"caption-attachment-10739\" class=\"wp-caption-text\">El embarazo<\/figcaption><\/figure>\n<ul>\n<li><strong>Estr\u00e9s: <\/strong>si estas muy estresada por el trabajo, estudios o por la vida cotidiana, puede que se alteren tus hormonas cerebrales (FSH y LH) y deje de venirte la regla.<\/li>\n<\/ul>\n<figure id=\"attachment_10746\" aria-describedby=\"caption-attachment-10746\" style=\"width: 260px\" class=\"wp-caption alignnone\"><img loading=\"lazy\" decoding=\"async\" class=\"wp-image-10746\" title=\"Mujer estresada\" src=\"https:\/\/sileu.com\/wp-content\/uploads\/2019\/06\/mujer-preocupada-400x400.png\" alt=\"Mujer estresada\" width=\"260\" height=\"260\" srcset=\"https:\/\/sileu.com\/wp-content\/uploads\/2019\/06\/mujer-preocupada-400x400.png 400w, https:\/\/sileu.com\/wp-content\/uploads\/2019\/06\/mujer-preocupada-400x400-247x247.png 247w, https:\/\/sileu.com\/wp-content\/uploads\/2019\/06\/mujer-preocupada-400x400-100x100.png 100w, https:\/\/sileu.com\/wp-content\/uploads\/2019\/06\/mujer-preocupada-400x400-340x340.png 340w, https:\/\/sileu.com\/wp-content\/uploads\/2019\/06\/mujer-preocupada-400x400-32x32.png 32w\" sizes=\"(max-width: 260px) 100vw, 260px\" \/><figcaption id=\"caption-attachment-10746\" class=\"wp-caption-text\">Mujer estresada<\/figcaption><\/figure>\n<ul>\n<li><strong>Deportes de alta competici\u00f3n: <\/strong>cuando tienes alto entrenamiento ocurren fallos a nivel hormonal y tienes como consecuencia que no baje la regla.<\/li>\n<\/ul>\n<figure id=\"attachment_10753\" aria-describedby=\"caption-attachment-10753\" style=\"width: 262px\" class=\"wp-caption alignnone\"><img loading=\"lazy\" decoding=\"async\" class=\"wp-image-10753\" title=\"Mujer deportista\" src=\"https:\/\/sileu.com\/wp-content\/uploads\/2019\/06\/mujer-corriendo-deporte-300x300.png\" alt=\"Mujer deportista\" width=\"262\" height=\"262\" srcset=\"https:\/\/sileu.com\/wp-content\/uploads\/2019\/06\/mujer-corriendo-deporte-300x300.png 300w, https:\/\/sileu.com\/wp-content\/uploads\/2019\/06\/mujer-corriendo-deporte-300x300-247x247.png 247w, https:\/\/sileu.com\/wp-content\/uploads\/2019\/06\/mujer-corriendo-deporte-300x300-100x100.png 100w, https:\/\/sileu.com\/wp-content\/uploads\/2019\/06\/mujer-corriendo-deporte-300x300-32x32.png 32w\" sizes=\"(max-width: 262px) 100vw, 262px\" \/><figcaption id=\"caption-attachment-10753\" class=\"wp-caption-text\">Mujer deportista<\/figcaption><\/figure>\n<ul>\n<li><strong>Bulimia y anorexia: <\/strong>este trastorno tambi\u00e9n provoca da\u00f1os en la producci\u00f3n de hormonas de la hip\u00f3fisis e hipot\u00e1lamo. La falta de nutrientes afecta y modifica directamente al sistema nervioso y endocrino.<\/li>\n<\/ul>\n<figure id=\"attachment_10774\" aria-describedby=\"caption-attachment-10774\" style=\"width: 300px\" class=\"wp-caption alignnone\"><img loading=\"lazy\" decoding=\"async\" class=\"wp-image-10774 size-full\" title=\"Trastorno alimenticio\" src=\"https:\/\/sileu.com\/wp-content\/uploads\/2019\/06\/mujer-anorexica-desnutrida-300x300.png\" alt=\"Trastorno alimenticio\" width=\"300\" height=\"300\" srcset=\"https:\/\/sileu.com\/wp-content\/uploads\/2019\/06\/mujer-anorexica-desnutrida-300x300.png 300w, https:\/\/sileu.com\/wp-content\/uploads\/2019\/06\/mujer-anorexica-desnutrida-300x300-247x247.png 247w, https:\/\/sileu.com\/wp-content\/uploads\/2019\/06\/mujer-anorexica-desnutrida-300x300-100x100.png 100w, https:\/\/sileu.com\/wp-content\/uploads\/2019\/06\/mujer-anorexica-desnutrida-300x300-32x32.png 32w\" sizes=\"(max-width: 300px) 100vw, 300px\" \/><figcaption id=\"caption-attachment-10774\" class=\"wp-caption-text\">Trastorno alimenticio<\/figcaption><\/figure>\n<ul>\n<li><strong>Bajo peso corporal:<\/strong> Debes tener un \u00edndice de masa corporal (IMC: peso\/talla al cuadrado) m\u00ednimo de 21Kg\/m2 para que pueda bajar la regla. Si el IMC es menor a ese n\u00famero, dejar\u00e1 de venirte la regla.<\/li>\n<\/ul>\n<figure id=\"attachment_10760\" aria-describedby=\"caption-attachment-10760\" style=\"width: 300px\" class=\"wp-caption alignnone\"><img loading=\"lazy\" decoding=\"async\" class=\"wp-image-10760 size-full\" title=\"Mujer anor\u00e9xica\" src=\"https:\/\/sileu.com\/wp-content\/uploads\/2019\/06\/mujer-anorexica-300x300.png\" alt=\"Anorexia\" width=\"300\" height=\"300\" srcset=\"https:\/\/sileu.com\/wp-content\/uploads\/2019\/06\/mujer-anorexica-300x300.png 300w, https:\/\/sileu.com\/wp-content\/uploads\/2019\/06\/mujer-anorexica-300x300-247x247.png 247w, https:\/\/sileu.com\/wp-content\/uploads\/2019\/06\/mujer-anorexica-300x300-100x100.png 100w, https:\/\/sileu.com\/wp-content\/uploads\/2019\/06\/mujer-anorexica-300x300-32x32.png 32w\" sizes=\"(max-width: 300px) 100vw, 300px\" \/><figcaption id=\"caption-attachment-10760\" class=\"wp-caption-text\">Anorexia<\/figcaption><\/figure>\n<h3><span style=\"color: #800080;\">GRUPO 3: Ya tuviste tu primera regla y tiene m\u00e1s de 3 meses sin bajar<\/span><\/h3>\n<p>Ya se considera una Amenorrea secundaria: Despu\u00e9s del embarazo, que sigue siendo la primera causa, tambi\u00e9n en este grupo encontramos que las causas que producen amenorrea secundaria, pueden ser ocasionadas debido a la afecci\u00f3n de:<\/p>\n<ul>\n<li>\u00datero<\/li>\n<li>Ovarios<\/li>\n<li>Hipot\u00e1lamo e hip\u00f3fisis<\/li>\n<\/ul>\n<h3><span style=\"color: #0000ff;\">\u00datero<\/span><\/h3>\n<p>Una de las causas puede ser obstrucciones por cicatrices o adherencias dentro el \u00fatero.<\/p>\n<p>Esto puede pasar por cirug\u00edas o infecciones. Se llama s\u00edndrome de Asherman y es consecuencia de:<\/p>\n<ul>\n<li><strong>Curetaje (legrado uterino<\/strong>): Despu\u00e9s de un aborto.<\/li>\n<li><strong>Ces\u00e1reas<\/strong>: Extracci\u00f3n del beb\u00e9 por el abdomen cuando no es posible el parto natural.<\/li>\n<li><strong>Miomectom\u00edas:<\/strong> Extracci\u00f3n de tumores benignos formados por la musculatura uterina.<\/li>\n<li><strong>Infecci\u00f3n uterina<\/strong>: Por tuberculosis conocido como <b>S\u00edndrome de Musset Netter.<\/b><\/li>\n<\/ul>\n<p>Otra causa del \u00fatero puede ser:<\/p>\n<ul>\n<li>Cierre del orificio del c\u00e9rvix (estenosis cervical) por:\n<ul>\n<li>Realizaci\u00f3n de cirug\u00edas del c\u00e9rvix.<\/li>\n<li>C\u00e1ncer de c\u00e9rvix o c\u00e1ncer de endometrio.<\/li>\n<\/ul>\n<\/li>\n<\/ul>\n<figure id=\"attachment_10782\" aria-describedby=\"caption-attachment-10782\" style=\"width: 190px\" class=\"wp-caption alignleft\"><img loading=\"lazy\" decoding=\"async\" class=\"wp-image-10782\" title=\"Ovario normal y ovario poliqu\u00edstico\" src=\"https:\/\/sileu.com\/wp-content\/uploads\/2019\/06\/ovario-poliquistico-400x400.png\" alt=\"Ovario normal y ovario poliqu\u00edstico\" width=\"190\" height=\"190\" \/><figcaption id=\"caption-attachment-10782\" class=\"wp-caption-text\">Ovario normal y ovario poliqu\u00edstico<\/figcaption><\/figure>\n<h3><span style=\"color: #0000ff;\">Ovario<\/span><\/h3>\n<ul>\n<li>\n<h4><span style=\"color: #ff00ff;\">S\u00edndrome de <a href=\"https:\/\/sileu.com\/es\/ovarios-poliquisticos\/\">Ovario Poliqu\u00edstico<\/a> (SOP)<\/span><\/h4>\n<\/li>\n<\/ul>\n<p>Es una de las enfermedades del ovario m\u00e1s frecuente en mujeres j\u00f3venes.<\/p>\n<p>Se debe a que hay mucha producci\u00f3n de hormona masculina (andr\u00f3genos) por problemas de regulaci\u00f3n hormonal, y como consecuencia se producen muchos fol\u00edculos en el ovario, aunque no hay ovulaci\u00f3n.<\/p>\n<p>&nbsp;<\/p>\n<p>&nbsp;<\/p>\n<ul>\n<li>\n<h4><span style=\"color: #ff00ff;\">Fallo ov\u00e1rico primario o insuficiencia ov\u00e1rica prematura (IOP)<\/span><\/h4>\n<\/li>\n<\/ul>\n<p>Ocurre en mujeres menores de 40 a\u00f1os de edad y se debe a que disminuyen las hormonas como si fuera ya la menopausia. Es prematura porque la menopausia se produce entre los 50 y los 60 a\u00f1os y no antes.<\/p>\n<ul>\n<li>\n<h4><span style=\"color: #ff00ff;\">Tumores de ovario <\/span><\/h4>\n<\/li>\n<\/ul>\n<p>Ciertos tumores de ovario producen hormonas masculinas, generando un mal funcionamiento de los ovarios.<\/p>\n<p style=\"text-align: center;\"><strong>\u00a0<\/strong><\/p>\n<figure id=\"attachment_10790\" aria-describedby=\"caption-attachment-10790\" style=\"width: 185px\" class=\"wp-caption alignleft\"><img loading=\"lazy\" decoding=\"async\" class=\"wp-image-10790 \" title=\"Ovario\" src=\"https:\/\/sileu.com\/wp-content\/uploads\/2019\/06\/tumor-de-ovario-300x300.png\" alt=\"Ovario\" width=\"185\" height=\"185\" srcset=\"https:\/\/sileu.com\/wp-content\/uploads\/2019\/06\/tumor-de-ovario-300x300.png 300w, https:\/\/sileu.com\/wp-content\/uploads\/2019\/06\/tumor-de-ovario-300x300-247x247.png 247w, https:\/\/sileu.com\/wp-content\/uploads\/2019\/06\/tumor-de-ovario-300x300-100x100.png 100w, https:\/\/sileu.com\/wp-content\/uploads\/2019\/06\/tumor-de-ovario-300x300-32x32.png 32w\" sizes=\"(max-width: 185px) 100vw, 185px\" \/><figcaption id=\"caption-attachment-10790\" class=\"wp-caption-text\">Ovario<\/figcaption><\/figure>\n<h4><span style=\"color: #0000ff;\">Hip\u00f3fisis e hipot\u00e1lamo<\/span><\/h4>\n<p>Son dos gl\u00e1ndulas ubicadas en el cerebro, que se encargan de producir varias hormonas.<\/p>\n<h4><span style=\"color: #ed1c24;\">Pero, \u00bfqu\u00e9 tienen que ver ellas en la falta de la regla?<\/span><\/h4>\n<p>Estas gl\u00e1ndulas producen las hormonas Fol\u00edculo Estimulante (FSH) y la hormona Luteinizante (LH), que estimulan a los ovarios para que produzcan los estr\u00f3genos y la progesterona.<\/p>\n<p>Al ocurrir un fallo en la producci\u00f3n de estas hormonas se produce el retraso menstrual.<\/p>\n<h4><span style=\"color: #ff00ff;\">\u00bfQu\u00e9 enfermedades pueden afectar a la hip\u00f3fisis y al hipot\u00e1lamo?<\/span><\/h4>\n<ul>\n<li>Tumores<\/li>\n<li>Infecciones<\/li>\n<li>Estr\u00e9s<\/li>\n<li>Anorexia<\/li>\n<li>P\u00e9rdida de peso extremo<\/li>\n<li>Ejercicio intenso<\/li>\n<li>Exceso de prolactina (hormona que estimula la producci\u00f3n de leche)<\/li>\n<li>Enfermedades de la tiroides: ya que sus hormonas (T3 y T4) controlan a la hip\u00f3fisis y al hipot\u00e1lamo.<\/li>\n<\/ul>\n<figure id=\"attachment_10369\" aria-describedby=\"caption-attachment-10369\" style=\"width: 159px\" class=\"wp-caption alignleft\"><img loading=\"lazy\" decoding=\"async\" class=\"wp-image-10369\" title=\"M\u00e9dico ginec\u00f3logo\" src=\"https:\/\/sileu.com\/wp-content\/uploads\/2019\/05\/estudio-medica-sobre-el-periodo-400x400.png\" alt=\"M\u00e9dico ginec\u00f3logo\" width=\"159\" height=\"159\" srcset=\"https:\/\/sileu.com\/wp-content\/uploads\/2019\/05\/estudio-medica-sobre-el-periodo-400x400.png 400w, https:\/\/sileu.com\/wp-content\/uploads\/2019\/05\/estudio-medica-sobre-el-periodo-400x400-247x247.png 247w, https:\/\/sileu.com\/wp-content\/uploads\/2019\/05\/estudio-medica-sobre-el-periodo-400x400-100x100.png 100w, https:\/\/sileu.com\/wp-content\/uploads\/2019\/05\/estudio-medica-sobre-el-periodo-400x400-340x340.png 340w, https:\/\/sileu.com\/wp-content\/uploads\/2019\/05\/estudio-medica-sobre-el-periodo-400x400-32x32.png 32w\" sizes=\"(max-width: 159px) 100vw, 159px\" \/><figcaption id=\"caption-attachment-10369\" class=\"wp-caption-text\">M\u00e9dico ginec\u00f3logo<\/figcaption><\/figure>\n<h3><span style=\"color: #800080;\">\u00bfC\u00f3mo puedo saber que le sucede a mi organismo?<\/span><\/h3>\n<p>Cuando no baja la regla, <strong>lo primero es acudir a su m\u00e9dico<\/strong> para que descarte algunas de las enfermedades relacionadas a esta afecci\u00f3n.<\/p>\n<p><strong>Su m\u00e9dico deber\u00e1 analizar las posibles causas<\/strong> del retraso menstrual y solicitar\u00e1 ex\u00e1menes m\u00e9dicos seg\u00fan las circunstancias planteadas.<\/p>\n<p>Despu\u00e9s de obtener los resultados y descartar que no est\u00e1 embarazada (recuerda que es la primera causa), el m\u00e9dico plantear\u00e1 la realizaci\u00f3n de pruebas con algunos medicamentos para poder, entonces, encontrar el tratamiento m\u00e1s adecuado a la dolencia.<\/p>\n<h2><\/h2>\n<h2><span style=\"color: #000080;\">Tratamientos caseros para hacer que llegue la regla<\/span><\/h2>\n<p>Recuerda que antes de intentar los tratamientos o remedios caseros, debes tener la certeza de <strong>no estar embarazada.<\/strong><\/p>\n<p>Algunos tratamientos caseros son:<\/p>\n<ul>\n<li>\n<h3>T\u00e9 de manzanilla, de canela, o de jengibre: 2 o 3 veces al d\u00eda<\/h3>\n<\/li>\n<\/ul>\n<figure id=\"attachment_10798\" aria-describedby=\"caption-attachment-10798\" style=\"width: 228px\" class=\"wp-caption alignnone\"><img loading=\"lazy\" decoding=\"async\" class=\"wp-image-10798\" title=\"T\u00e9 de canela, manzanilla \u00f3 jengibre\" src=\"https:\/\/sileu.com\/wp-content\/uploads\/2019\/06\/remedios-caseros-manzanilla-jengibre-y-canela-300x300.png\" alt=\"T\u00e9 de canela, manzanilla \u00f3 jengibre\" width=\"228\" height=\"228\" srcset=\"https:\/\/sileu.com\/wp-content\/uploads\/2019\/06\/remedios-caseros-manzanilla-jengibre-y-canela-300x300.png 300w, https:\/\/sileu.com\/wp-content\/uploads\/2019\/06\/remedios-caseros-manzanilla-jengibre-y-canela-300x300-247x247.png 247w, https:\/\/sileu.com\/wp-content\/uploads\/2019\/06\/remedios-caseros-manzanilla-jengibre-y-canela-300x300-100x100.png 100w, https:\/\/sileu.com\/wp-content\/uploads\/2019\/06\/remedios-caseros-manzanilla-jengibre-y-canela-300x300-32x32.png 32w\" sizes=\"(max-width: 228px) 100vw, 228px\" \/><figcaption id=\"caption-attachment-10798\" class=\"wp-caption-text\">T\u00e9 de canela, manzanilla \u00f3 jengibre<\/figcaption><\/figure>\n<ul>\n<li>\n<h3>Malta con canela: 3 veces al d\u00eda<\/h3>\n<\/li>\n<\/ul>\n<figure id=\"attachment_10805\" aria-describedby=\"caption-attachment-10805\" style=\"width: 261px\" class=\"wp-caption alignnone\"><img loading=\"lazy\" decoding=\"async\" class=\"wp-image-10805\" title=\"T\u00e9 de canela\" src=\"https:\/\/sileu.com\/wp-content\/uploads\/2019\/06\/te-de-canela-400x400.png\" alt=\"T\u00e9 de canela\" width=\"261\" height=\"261\" srcset=\"https:\/\/sileu.com\/wp-content\/uploads\/2019\/06\/te-de-canela-400x400.png 400w, https:\/\/sileu.com\/wp-content\/uploads\/2019\/06\/te-de-canela-400x400-247x247.png 247w, https:\/\/sileu.com\/wp-content\/uploads\/2019\/06\/te-de-canela-400x400-100x100.png 100w, https:\/\/sileu.com\/wp-content\/uploads\/2019\/06\/te-de-canela-400x400-340x340.png 340w, https:\/\/sileu.com\/wp-content\/uploads\/2019\/06\/te-de-canela-400x400-32x32.png 32w\" sizes=\"(max-width: 261px) 100vw, 261px\" \/><figcaption id=\"caption-attachment-10805\" class=\"wp-caption-text\">T\u00e9 de canela<\/figcaption><\/figure>\n<ul>\n<li>\n<h3>Colocar compresas tibias en el vientre o tomar ba\u00f1os calientes: 3 veces al d\u00eda<\/h3>\n<\/li>\n<\/ul>\n<p>Si quieres saber otros tips y recomendaciones para que adelantar la regla, visita nuestro articulo de <a href=\"https:\/\/sileu.com\/es\/como-adelantar-la-regla-de-forma-segura\/\">c\u00f3mo adelantarla con f\u00f3rmulas naturales<\/a> de manera segura y nuestro otro art\u00edculo de <a href=\"https:\/\/sileu.com\/es\/como-adelantar-la-regla-con-metodos-hormonales\/\">c\u00f3mo adelantar la regla con m\u00e9todos hormonales<\/a>.<\/p>\n","protected":false},"excerpt":{"rendered":"<p>Es importante conocer cu\u00e1les son las causas por las que puede ocurrir un retraso menstrual, sobre todo, cuando ya tienes la certeza de no estar embarazada. \u00bfQuiz\u00e1s se deba al estr\u00e9s?, o \u00bfquiz\u00e1s sea algo hormonal? \u00a1Vamos a averiguarlo! \u00bfQu\u00e9 es la amenorrea? Es ausencia de la menstruaci\u00f3n durante un per\u00edodo mayor o igual a [&hellip;]<\/p>\n","protected":false},"author":5949,"featured_media":10714,"comment_status":"open","ping_status":"open","sticky":false,"template":"","format":"standard","meta":{"footnotes":""},"categories":[50906],"tags":[],"class_list":["post-10573","post","type-post","status-publish","format-standard","has-post-thumbnail","hentry","category-fundamentos-descubrimiento"],"_links":{"self":[{"href":"https:\/\/sileu.com\/es\/wp-json\/wp\/v2\/posts\/10573","targetHints":{"allow":["GET"]}}],"collection":[{"href":"https:\/\/sileu.com\/es\/wp-json\/wp\/v2\/posts"}],"about":[{"href":"https:\/\/sileu.com\/es\/wp-json\/wp\/v2\/types\/post"}],"author":[{"embeddable":true,"href":"https:\/\/sileu.com\/es\/wp-json\/wp\/v2\/users\/5949"}],"replies":[{"embeddable":true,"href":"https:\/\/sileu.com\/es\/wp-json\/wp\/v2\/comments?post=10573"}],"version-history":[{"count":31,"href":"https:\/\/sileu.com\/es\/wp-json\/wp\/v2\/posts\/10573\/revisions"}],"predecessor-version":[{"id":80405,"href":"https:\/\/sileu.com\/es\/wp-json\/wp\/v2\/posts\/10573\/revisions\/80405"}],"wp:featuredmedia":[{"embeddable":true,"href":"https:\/\/sileu.com\/es\/wp-json\/wp\/v2\/media\/10714"}],"wp:attachment":[{"href":"https:\/\/sileu.com\/es\/wp-json\/wp\/v2\/media?parent=10573"}],"wp:term":[{"taxonomy":"category","embeddable":true,"href":"https:\/\/sileu.com\/es\/wp-json\/wp\/v2\/categories?post=10573"},{"taxonomy":"post_tag","embeddable":true,"href":"https:\/\/sileu.com\/es\/wp-json\/wp\/v2\/tags?post=10573"}],"curies":[{"name":"wp","href":"https:\/\/api.w.org\/{rel}","templated":true}]}}