{"id":13520,"date":"2019-08-21T20:25:57","date_gmt":"2019-08-21T20:25:57","guid":{"rendered":"https:\/\/sileu.com\/?p=13520"},"modified":"2021-02-08T16:34:48","modified_gmt":"2021-02-08T16:34:48","slug":"copa-menstrual-parto-natural","status":"publish","type":"post","link":"https:\/\/sileu.com\/es\/copa-menstrual-parto-natural\/","title":{"rendered":"La copa menstrual despu\u00e9s del parto natural (o por ces\u00e1rea)"},"content":{"rendered":"<p>Listo: Con nuestro embarazo nos tomamos un descanso de la regla por 9 meses y tuvimos a nuestro beb\u00e9. Pero, \u00bfcu\u00e1ndo vuelve a venir la regla? \u00bfPuedo usar la copa menstrual despu\u00e9s del parto natural?<\/p>\n<figure id=\"attachment_14226\" aria-describedby=\"caption-attachment-14226\" style=\"width: 330px\" class=\"wp-caption alignleft\"><img fetchpriority=\"high\" decoding=\"async\" class=\"wp-image-14226\" title=\"La copa menstrual despu\u00e9s del parto\" src=\"https:\/\/sileu.com\/wp-content\/uploads\/2019\/08\/new-born-menstrual-cup-400x250.png\" alt=\"La copa menstrual despu\u00e9s del parto\" width=\"330\" height=\"206\" \/><figcaption id=\"caption-attachment-14226\" class=\"wp-caption-text\">La copa menstrual despu\u00e9s del parto<\/figcaption><\/figure>\n<p>Si bien nos preparamos para darle lo mejor al beb\u00e9, le\u00edmos a montones sobre lactancia materna, nutrici\u00f3n y desarrollo, nunca pensamos en lo que viene despu\u00e9s con <a href=\"https:\/\/sileu.com\/es\/?p=12839&amp;preview=true\">nuestro ciclo menstrual.<\/a><\/p>\n<p>Aqu\u00ed te daremos un paseo por lo que es la regla despu\u00e9s del parto natural, cu\u00e1ndo comenzar\u00e1 a venir y como funcionar\u00e1n nuestras hormonas en esta nueva etapa de mam\u00e1.<\/p>\n<h2>\u00bfC\u00f3mo es la menstruaci\u00f3n despu\u00e9s del parto natural?<\/h2>\n<p>Todo puede variar dependiendo de cada mujer. Las hormonas necesitan un tiempo para regularizarse y poner en marcha el normal funcionamiento de tu cuerpo.<\/p>\n<p>Luego del alumbramiento, el cuerpo entra en lo que se conoce como <strong>puerperio<\/strong>, la fase postparto en la que el \u00fatero se recupera y comienza a volver a la normalidad.<strong> Esta etapa dura aproximadamente 6 semanas<\/strong>.<\/p>\n<p>Parte de esa recuperaci\u00f3n es un mecanismo llamado <strong>loquio<\/strong>, que es la sangre proveniente del \u00fatero. La placenta que est\u00e1 implantada en este \u00faltimo se despega, y con ella los vasos sangu\u00edneos de las paredes uterinas.<\/p>\n<p><strong>Los loquios no son exclusivos del parto vaginal:<\/strong> tambi\u00e9n se presentan despu\u00e9s de una ces\u00e1rea.<\/p>\n<p>El promedio de duraci\u00f3n de los loquios es de 15 d\u00edas, aunque siempre depende de cada mujer, de si es parto m\u00faltiple, del tama\u00f1o del beb\u00e9, entre otros factores.<\/p>\n<p>No te preocupes, est\u00e1 comprobado que puedes <strong>hacer que tus loquios duren un poco menos<\/strong> a trav\u00e9s de la lactancia, debido a que la oxitocina que se genera por amamantar favorece a la contracci\u00f3n del \u00fatero para que vuelva a su normalidad y reduzca el sangrado.<\/p>\n<h2>\u00bfCu\u00e1ndo se reanuda mi ciclo menstrual despu\u00e9s de dar a luz?<\/h2>\n<p>Puede variar. Si vas adelante con <strong>la lactancia<\/strong>, es posible que<strong> no vuelvas a tener menstruaci\u00f3n<\/strong> hasta que ocurra el destete. Esto ocurre debido a que la prolactina, encargada de la producci\u00f3n de leche materna, inhibe la segregaci\u00f3n normal de estr\u00f3genos y progesterona.<\/p>\n<figure id=\"attachment_14305\" aria-describedby=\"caption-attachment-14305\" style=\"width: 259px\" class=\"wp-caption alignleft\"><img decoding=\"async\" class=\"wp-image-14305\" title=\"Diagrama menstrual\" src=\"https:\/\/sileu.com\/wp-content\/uploads\/2019\/08\/ciclo-menstrual-400x400.png\" alt=\"Diagrama menstrual\" width=\"259\" height=\"259\" srcset=\"https:\/\/sileu.com\/wp-content\/uploads\/2019\/08\/ciclo-menstrual-400x400.png 400w, https:\/\/sileu.com\/wp-content\/uploads\/2019\/08\/ciclo-menstrual-400x400-247x247.png 247w, https:\/\/sileu.com\/wp-content\/uploads\/2019\/08\/ciclo-menstrual-400x400-100x100.png 100w, https:\/\/sileu.com\/wp-content\/uploads\/2019\/08\/ciclo-menstrual-400x400-340x340.png 340w, https:\/\/sileu.com\/wp-content\/uploads\/2019\/08\/ciclo-menstrual-400x400-32x32.png 32w\" sizes=\"(max-width: 259px) 100vw, 259px\" \/><figcaption id=\"caption-attachment-14305\" class=\"wp-caption-text\">Diagrama menstrual<\/figcaption><\/figure>\n<p>Estas \u00faltimas son las responsables de tu ciclo menstrual, la ovulaci\u00f3n y por ende, la menstruaci\u00f3n. Sin embargo, <strong>no significa que no puedas quedar <a href=\"https:\/\/www.cochranelibrary.com\/es\/cdsr\/doi\/10.1002\/14651858.CD001329\/full\/es\" rel=\"nofollow noopener\" target=\"_blank\">embarazada<\/a><\/strong> mientras amamantas. Recuerda que cada mujer es un mundo, tu cuerpo funciona diferente y el riesgo de embarazo postparto est\u00e1 presente.<\/p>\n<p>Si por otro lado has decidido no amamantar, puede que entre el primer y cuarto mes postparto comience a llegarte la regla nuevamente.<\/p>\n<p>Cabe acotar que el ciclo menstrual puede llegar con irregularidades: puede venir tu regla cada dos meses, presentar s\u00edntomas menstruales o no, hasta que eventualmente se va normalizando su funcionamiento.<\/p>\n<h2>\u00bfPuedo usar la copa menstrual despu\u00e9s del parto natural?<\/h2>\n<p>Justo despu\u00e9s del parto natural o por ces\u00e1rea no es recomendable usar tu copa menstrual. Durante este periodo, que es cuando ocurren los loquios, lo mas recomendable es usar compresas porque tu zona \u00edntima ha sido afectada por el parto. Adem\u00e1s, puede que tus<a href=\"https:\/\/sileu.com\/es\/como-saber-que-tienes-el-suelo-pelvico-debil\/\"> m\u00fasculos p\u00e9lvicos est\u00e9n debilitados.\u00a0<\/a><\/p>\n<p>Incluso si tuviste parto por ces\u00e1rea, recuerda que todos tus \u00f3rganos \u00edntimos est\u00e1n a\u00fan en &#8220;modo dar a luz&#8221;, por lo que todav\u00eda cuando no hubo alumbramiento natural, las paredes vaginales est\u00e1n afectadas.<\/p>\n<p>Elige compresas que no tengan fragancias y que sean hechas fibras naturales como el algod\u00f3n, as\u00ed podr\u00e1s proteger tu pH vaginal.<\/p>\n<p>No desesperes, ten paciencia y vive esta etapa que es muy corta. No deber\u00edas introducir absolutamente nada en tu vagina (ni tener sexo) hasta que tu zona \u00edntima este curada.<\/p>\n<h3>\u00bfCu\u00e1ndo puedo usar mi copa menstrual nuevamente?<\/h3>\n<p>Cuando se termine el puerperio, aproximadamente a las 6 semanas postparto, visita a tu m\u00e9dico y aprovecha de preguntarle si ya est\u00e1s lista para comenzar a usar tu copa menstrual, a tener sexo y a hacer ejercicios. Todo va a depender del desarrollo y curaci\u00f3n de tu vagina.<\/p>\n<p>Igualmente, posterior a ese primer mes y medio, podr\u00edas comenzar a hacer <a href=\"https:\/\/sileu.com\/es\/fortalecer-el-suelo-pelvico-ejercicios\/\">ejercicios para fortalecer tu suelo p\u00e9lvico.<\/a> Adem\u00e1s, si amamantas es probable que ni la necesites debido a que no ver\u00e1s la regla por un tiempo.<\/p>\n<h2>\u00bfPuedo usar la misma copa menstrual que usaba antes del embarazo?<\/h2>\n<p>Esto depender\u00e1 de muchos factores. Si no es tu primer embarazo, es muy probable que ya est\u00e9s usando la talla L de copa menstrual, que es la que mejor te sentar\u00e1 despu\u00e9s del alumbramiento.<\/p>\n<p>Por otro lado, si es tu primer parto natural, es probable que necesites cambiar a una talla m\u00e1s grande para asegurarte de que no hayan fugas y que <a href=\"https:\/\/sileu.com\/es\/razones-por-lo-que-tu-copa-menstrual-se-sale\/\">t<\/a><span style=\"color: #000000;\">u copa menstrual no se salga. Otro factor que podr\u00eda influir es el debilitamiento del suelo p\u00e9lvico, por lo que incluso si diste a luz con ayuda quir\u00fargica, puede que los m\u00fasculos vaginales est\u00e9n debilitados y necesites una talla mayor.\u00a0<\/span><\/p>\n<p>Las copas menstruales <strong>talla S<\/strong> son recomendadas a mujeres sin hijos y cuyo suelo p\u00e9lvico no est\u00e1 debilitado. Esto predomina frente a otros factores como la edad: si eres menor de 25 a\u00f1os, tu copa menstrual es la talla S <strong>siempre y cuando se cumplan las condiciones descritas.<\/strong><\/p>\n<p>La copa menstrual que recomendamos para el postparto es el modelo <a href=\"https:\/\/sileu.com\/es\/cup\/copa-menstrual-sileu-fabricada-en-silicona-de-grado-quirurgico-modelo-soft-volumen-menstrual-escaso-a-abundante-alternativa-natural-a-los-tampones-y-compresas\/\">Sileu Soft<\/a>, que es especial para suelo p\u00e9lvico debilitado.<\/p>\n<p>Cada regla tiene su excepci\u00f3n, y en Sileu te damos las recomendaciones para <a href=\"https:\/\/sileu.com\/es\/como-elegir-tu-copa-menstrual\/\">elegir la copa menstrual ideal<\/a> para cada caso y cada tipo de mujer.<\/p>\n","protected":false},"excerpt":{"rendered":"<p>Listo: Con nuestro embarazo nos tomamos un descanso de la regla por 9 meses y tuvimos a nuestro beb\u00e9. Pero, \u00bfcu\u00e1ndo vuelve a venir la regla? \u00bfPuedo usar la copa menstrual despu\u00e9s del parto natural? Si bien nos preparamos para darle lo mejor al beb\u00e9, le\u00edmos a montones sobre lactancia materna, nutrici\u00f3n y desarrollo, nunca [&hellip;]<\/p>\n","protected":false},"author":6428,"featured_media":14210,"comment_status":"open","ping_status":"open","sticky":false,"template":"","format":"standard","meta":{"footnotes":""},"categories":[50906],"tags":[],"class_list":["post-13520","post","type-post","status-publish","format-standard","has-post-thumbnail","hentry","category-fundamentos-descubrimiento"],"_links":{"self":[{"href":"https:\/\/sileu.com\/es\/wp-json\/wp\/v2\/posts\/13520","targetHints":{"allow":["GET"]}}],"collection":[{"href":"https:\/\/sileu.com\/es\/wp-json\/wp\/v2\/posts"}],"about":[{"href":"https:\/\/sileu.com\/es\/wp-json\/wp\/v2\/types\/post"}],"author":[{"embeddable":true,"href":"https:\/\/sileu.com\/es\/wp-json\/wp\/v2\/users\/6428"}],"replies":[{"embeddable":true,"href":"https:\/\/sileu.com\/es\/wp-json\/wp\/v2\/comments?post=13520"}],"version-history":[{"count":15,"href":"https:\/\/sileu.com\/es\/wp-json\/wp\/v2\/posts\/13520\/revisions"}],"predecessor-version":[{"id":80375,"href":"https:\/\/sileu.com\/es\/wp-json\/wp\/v2\/posts\/13520\/revisions\/80375"}],"wp:featuredmedia":[{"embeddable":true,"href":"https:\/\/sileu.com\/es\/wp-json\/wp\/v2\/media\/14210"}],"wp:attachment":[{"href":"https:\/\/sileu.com\/es\/wp-json\/wp\/v2\/media?parent=13520"}],"wp:term":[{"taxonomy":"category","embeddable":true,"href":"https:\/\/sileu.com\/es\/wp-json\/wp\/v2\/categories?post=13520"},{"taxonomy":"post_tag","embeddable":true,"href":"https:\/\/sileu.com\/es\/wp-json\/wp\/v2\/tags?post=13520"}],"curies":[{"name":"wp","href":"https:\/\/api.w.org\/{rel}","templated":true}]}}